{"id":183,"date":"2023-06-05T07:06:30","date_gmt":"2023-06-05T07:06:30","guid":{"rendered":"http:\/\/feuerwehr-rechterfeld.de\/?p=183"},"modified":"2024-09-26T08:08:54","modified_gmt":"2024-09-26T08:08:54","slug":"jahreshauptversammlung-06-01-2023","status":"publish","type":"post","link":"https:\/\/feuerwehr-rechterfeld.de\/?p=183","title":{"rendered":"Jahreshauptversammlung 06.01.2023"},"content":{"rendered":"\n<p><\/p>\n\n\n\n<p>Die diesj\u00e4hrige Mitgliederversammlung der Feuerwehr Rechterfeld konnte das erste Mal seit der Pandemie wieder am ersten Freitag im Januar stattfinden.<\/p>\n\n\n\n<p>Nach dem Jahresbericht der Schriftf\u00fchrerin folgten die Gru\u00dfworte der geladenen G\u00e4ste. B\u00fcrgermeister Gerd Meyer, Kreisbrandmeister Matthias Trumme und Gemeindebrandmeister Stefan Hitz fanden allesamt positive &nbsp;Worte f\u00fcr die Rechterfelder Wehr. &nbsp;<\/p>\n\n\n\n<p>Im dreij\u00e4hrigen Rhythmus fanden in diesem Jahr wieder der Gro\u00dfteil der Wahlen statt. 30 wahlberechtigte Kameraden waren da und w\u00e4hlten fast das vollst\u00e4ndige Ortskommando wie folgt:<\/p>\n\n\n\n<ul class=\"wp-block-list\">\n<li>4 Gruppenf\u00fchrer: Julian Gr\u00fc\u00dfing, Alexander Pundsack, Stephan Michelbrand, Thomas Wilkens<\/li>\n\n\n\n<li>Schriftf\u00fchrerin: Carina Pundsack<\/li>\n\n\n\n<li>Sicherheitsbeauftragte: Lena Hasenkamp<\/li>\n\n\n\n<li>Ger\u00e4tewart: Nils Jan\u00dfen<\/li>\n\n\n\n<li>Zeugwart: Manuel Meyer<\/li>\n\n\n\n<li>Atemschutzger\u00e4tewart: Kevin Olberding<\/li>\n<\/ul>\n\n\n\n<figure class=\"wp-block-image size-large\"><img loading=\"lazy\" decoding=\"async\" width=\"1024\" height=\"768\" src=\"https:\/\/feuerwehr-rechterfeld.de\/wp-content\/uploads\/2023\/06\/MGV-2023_1-1024x768.jpg\" alt=\"\" class=\"wp-image-184\" srcset=\"https:\/\/feuerwehr-rechterfeld.de\/wp-content\/uploads\/2023\/06\/MGV-2023_1-1024x768.jpg 1024w, https:\/\/feuerwehr-rechterfeld.de\/wp-content\/uploads\/2023\/06\/MGV-2023_1-300x225.jpg 300w, https:\/\/feuerwehr-rechterfeld.de\/wp-content\/uploads\/2023\/06\/MGV-2023_1-768x576.jpg 768w, https:\/\/feuerwehr-rechterfeld.de\/wp-content\/uploads\/2023\/06\/MGV-2023_1-1536x1152.jpg 1536w, https:\/\/feuerwehr-rechterfeld.de\/wp-content\/uploads\/2023\/06\/MGV-2023_1-2048x1536.jpg 2048w, https:\/\/feuerwehr-rechterfeld.de\/wp-content\/uploads\/2023\/06\/MGV-2023_1-1140x855.jpg 1140w\" sizes=\"auto, (max-width: 1024px) 100vw, 1024px\" \/><\/figure>\n\n\n\n<p>Im Anschluss gaben Ortsbrandmeister J\u00f6rg Reinke und B\u00fcrgermeister Gerd Meyer Einblicke in den aktuellen Stand des Feuerwehrhausneubaus. Man warte weiterhin auf die Baugenehmigung rechne mit ihr ca. im M\u00e4rz, sodass man auf einen Spatenstich um Ostern herum hoffe.<\/p>\n\n\n\n<figure class=\"wp-block-image size-large\"><img loading=\"lazy\" decoding=\"async\" width=\"1024\" height=\"768\" src=\"https:\/\/feuerwehr-rechterfeld.de\/wp-content\/uploads\/2023\/06\/MGV-2023_2-1024x768.jpg\" alt=\"\" class=\"wp-image-185\" srcset=\"https:\/\/feuerwehr-rechterfeld.de\/wp-content\/uploads\/2023\/06\/MGV-2023_2-1024x768.jpg 1024w, https:\/\/feuerwehr-rechterfeld.de\/wp-content\/uploads\/2023\/06\/MGV-2023_2-300x225.jpg 300w, https:\/\/feuerwehr-rechterfeld.de\/wp-content\/uploads\/2023\/06\/MGV-2023_2-768x576.jpg 768w, https:\/\/feuerwehr-rechterfeld.de\/wp-content\/uploads\/2023\/06\/MGV-2023_2-1536x1152.jpg 1536w, https:\/\/feuerwehr-rechterfeld.de\/wp-content\/uploads\/2023\/06\/MGV-2023_2-2048x1536.jpg 2048w, https:\/\/feuerwehr-rechterfeld.de\/wp-content\/uploads\/2023\/06\/MGV-2023_2-1140x855.jpg 1140w\" sizes=\"auto, (max-width: 1024px) 100vw, 1024px\" \/><\/figure>\n","protected":false},"excerpt":{"rendered":"<p>Die diesj\u00e4hrige Mitgliederversammlung der Feuerwehr Rechterfeld konnte das erste Mal seit der Pandemie wieder am ersten Freitag im Januar stattfinden. Nach dem Jahresbericht der Schriftf\u00fchrerin folgten die Gru\u00dfworte der geladenen G\u00e4ste. B\u00fcrgermeister Gerd Meyer, Kreisbrandmeister Matthias Trumme und Gemeindebrandmeister Stefan Hitz fanden allesamt positive &nbsp;Worte f\u00fcr die Rechterfelder Wehr. &nbsp; Im dreij\u00e4hrigen Rhythmus fanden in [&hellip;]<\/p>\n","protected":false},"author":1,"featured_media":184,"comment_status":"open","ping_status":"open","sticky":false,"template":"","format":"standard","meta":{"footnotes":""},"categories":[33],"tags":[37,38],"class_list":["post-183","post","type-post","status-publish","format-standard","has-post-thumbnail","hentry","category-aktuelles","tag-generalversammlung","tag-wahlen"],"_links":{"self":[{"href":"https:\/\/feuerwehr-rechterfeld.de\/index.php?rest_route=\/wp\/v2\/posts\/183","targetHints":{"allow":["GET"]}}],"collection":[{"href":"https:\/\/feuerwehr-rechterfeld.de\/index.php?rest_route=\/wp\/v2\/posts"}],"about":[{"href":"https:\/\/feuerwehr-rechterfeld.de\/index.php?rest_route=\/wp\/v2\/types\/post"}],"author":[{"embeddable":true,"href":"https:\/\/feuerwehr-rechterfeld.de\/index.php?rest_route=\/wp\/v2\/users\/1"}],"replies":[{"embeddable":true,"href":"https:\/\/feuerwehr-rechterfeld.de\/index.php?rest_route=%2Fwp%2Fv2%2Fcomments&post=183"}],"version-history":[{"count":1,"href":"https:\/\/feuerwehr-rechterfeld.de\/index.php?rest_route=\/wp\/v2\/posts\/183\/revisions"}],"predecessor-version":[{"id":186,"href":"https:\/\/feuerwehr-rechterfeld.de\/index.php?rest_route=\/wp\/v2\/posts\/183\/revisions\/186"}],"wp:featuredmedia":[{"embeddable":true,"href":"https:\/\/feuerwehr-rechterfeld.de\/index.php?rest_route=\/wp\/v2\/media\/184"}],"wp:attachment":[{"href":"https:\/\/feuerwehr-rechterfeld.de\/index.php?rest_route=%2Fwp%2Fv2%2Fmedia&parent=183"}],"wp:term":[{"taxonomy":"category","embeddable":true,"href":"https:\/\/feuerwehr-rechterfeld.de\/index.php?rest_route=%2Fwp%2Fv2%2Fcategories&post=183"},{"taxonomy":"post_tag","embeddable":true,"href":"https:\/\/feuerwehr-rechterfeld.de\/index.php?rest_route=%2Fwp%2Fv2%2Ftags&post=183"}],"curies":[{"name":"wp","href":"https:\/\/api.w.org\/{rel}","templated":true}]}}