{"id":289,"date":"2024-04-18T11:57:33","date_gmt":"2024-04-18T11:57:33","guid":{"rendered":"http:\/\/feuerwehr-rechterfeld.de\/?p=289"},"modified":"2024-04-18T11:57:33","modified_gmt":"2024-04-18T11:57:33","slug":"blinder-alarm-schaltjahr-die-frauen-uebernehmen","status":"publish","type":"post","link":"https:\/\/feuerwehr-rechterfeld.de\/?p=289","title":{"rendered":"Blinder Alarm &#8211; Schaltjahr! Die Frauen \u00fcbernehmen"},"content":{"rendered":"\n<p>Am Tag nach unserem Kohlessen findet unser &#8222;Blinder Alarm&#8220; statt. Das bedeutet, dass sich die Feuerwehrkameraden und -kameradinnen um 10.00 Uhr im Feuerwehrhaus treffen und zum Vorjahresk\u00f6nig fahren. <br>Dort wird ein kleines Feuer obligatorisch gel\u00f6scht und anschlie\u00dfend das Fr\u00fchshoppen gestartet. <\/p>\n\n\n\n<p>2024 ist bekanntlich ein Schaltjahr. Und im Schaltjahr gibt es ganz verr\u00fcckte Sachen. <br>So haben sich in diesem Jahr die Frauen der Feuerwehrm\u00e4nner zusammengetan und kurzerhand den Blinden Alarm &#8222;geklaut&#8220;. <\/p>\n\n\n\n<p>Heimlich trafen sich die Frauen bereits um 9.00 Uhr &#8211; also eine Stunde vor den M\u00e4nnern &#8211; im Feuerwehrhaus. Dabei wurden die interessantesten Notl\u00fcgen und Ausreden aufgetischt, damit auch ja niemand Verdacht sch\u00f6pfte. Schnell noch ein paar Hinweise f\u00fcr die M\u00e4nner aufgeh\u00e4ngt und die Einsatzjacke des Mannes \u00fcbergezogen und dann konnte es auch schon losgehen. <\/p>\n\n\n\n<figure class=\"wp-block-image size-large\"><img loading=\"lazy\" decoding=\"async\" width=\"1024\" height=\"768\" src=\"https:\/\/feuerwehr-rechterfeld.de\/wp-content\/uploads\/2024\/04\/Fenster1_Bild1-1024x768.png\" alt=\"\" class=\"wp-image-291\" srcset=\"https:\/\/feuerwehr-rechterfeld.de\/wp-content\/uploads\/2024\/04\/Fenster1_Bild1-1024x768.png 1024w, https:\/\/feuerwehr-rechterfeld.de\/wp-content\/uploads\/2024\/04\/Fenster1_Bild1-300x225.png 300w, https:\/\/feuerwehr-rechterfeld.de\/wp-content\/uploads\/2024\/04\/Fenster1_Bild1-768x576.png 768w, https:\/\/feuerwehr-rechterfeld.de\/wp-content\/uploads\/2024\/04\/Fenster1_Bild1-1140x855.png 1140w, https:\/\/feuerwehr-rechterfeld.de\/wp-content\/uploads\/2024\/04\/Fenster1_Bild1.png 1490w\" sizes=\"auto, (max-width: 1024px) 100vw, 1024px\" \/><\/figure>\n\n\n\n<figure class=\"wp-block-image size-large is-style-rounded\"><img loading=\"lazy\" decoding=\"async\" width=\"583\" height=\"1024\" src=\"https:\/\/feuerwehr-rechterfeld.de\/wp-content\/uploads\/2024\/04\/Fenster_Bild1-583x1024.png\" alt=\"\" class=\"wp-image-290\" srcset=\"https:\/\/feuerwehr-rechterfeld.de\/wp-content\/uploads\/2024\/04\/Fenster_Bild1-583x1024.png 583w, https:\/\/feuerwehr-rechterfeld.de\/wp-content\/uploads\/2024\/04\/Fenster_Bild1-171x300.png 171w, https:\/\/feuerwehr-rechterfeld.de\/wp-content\/uploads\/2024\/04\/Fenster_Bild1-768x1350.png 768w, https:\/\/feuerwehr-rechterfeld.de\/wp-content\/uploads\/2024\/04\/Fenster_Bild1-874x1536.png 874w, https:\/\/feuerwehr-rechterfeld.de\/wp-content\/uploads\/2024\/04\/Fenster_Bild1.png 968w\" sizes=\"auto, (max-width: 583px) 100vw, 583px\" \/><\/figure>\n\n\n\n<p>Wir mussten uns beeilen, damit die M\u00e4nner uns nicht erwischten&#8230;. <br>Schnell aufgesessen und schon ging es zum Vorjahresk\u00f6nig Julian und seiner Christina. <br>Vielleicht kann man ja erahnen, ob Julian mit uns gerechnet hat: <\/p>\n\n\n\n<figure class=\"wp-block-image size-large is-style-rounded\"><img loading=\"lazy\" decoding=\"async\" width=\"768\" height=\"1024\" src=\"https:\/\/feuerwehr-rechterfeld.de\/wp-content\/uploads\/2024\/04\/Feuertonne_Bild4-768x1024.png\" alt=\"\" class=\"wp-image-292\" srcset=\"https:\/\/feuerwehr-rechterfeld.de\/wp-content\/uploads\/2024\/04\/Feuertonne_Bild4-768x1025.png 768w, https:\/\/feuerwehr-rechterfeld.de\/wp-content\/uploads\/2024\/04\/Feuertonne_Bild4-225x300.png 225w, https:\/\/feuerwehr-rechterfeld.de\/wp-content\/uploads\/2024\/04\/Feuertonne_Bild4.png 838w\" sizes=\"auto, (max-width: 768px) 100vw, 768px\" \/><\/figure>\n\n\n\n<p>Damit war die Aktion gegl\u00fcckt und auch die M\u00e4nner, die so langsam im heimischen Bett erwachten, fingen an sich zu wundern, wo die Frau denn sei&#8230; <br>Um die Verwirrung klein zu halten, schickten wir folgendes Bild in die WhatsApp Gruppe und l\u00f6sten das R\u00e4tsel auf: <\/p>\n\n\n\n<figure class=\"wp-block-image size-large\"><img loading=\"lazy\" decoding=\"async\" width=\"1024\" height=\"768\" src=\"https:\/\/feuerwehr-rechterfeld.de\/wp-content\/uploads\/2024\/04\/KingJD-1024x768.png\" alt=\"\" class=\"wp-image-293\" srcset=\"https:\/\/feuerwehr-rechterfeld.de\/wp-content\/uploads\/2024\/04\/KingJD-1024x768.png 1024w, https:\/\/feuerwehr-rechterfeld.de\/wp-content\/uploads\/2024\/04\/KingJD-300x225.png 300w, https:\/\/feuerwehr-rechterfeld.de\/wp-content\/uploads\/2024\/04\/KingJD-768x576.png 768w, https:\/\/feuerwehr-rechterfeld.de\/wp-content\/uploads\/2024\/04\/KingJD-1140x855.png 1140w, https:\/\/feuerwehr-rechterfeld.de\/wp-content\/uploads\/2024\/04\/KingJD.png 1490w\" sizes=\"auto, (max-width: 1024px) 100vw, 1024px\" \/><\/figure>\n\n\n\n<p>Alles war bis ins kleinste Detail geplant und so stand um 9:45 Uhr ein Planwagen bereit, der die \u00fcberraschten M\u00e4nner zu K\u00f6nig Julian nachbrachte. Die M\u00e4nner staunten nicht schlecht, es war uns ein Fest! Ich glaube, alle hatten unfassbar viel Spa\u00df und genau so sollte es ja auch sein. <\/p>\n\n\n\n<figure class=\"wp-block-image size-large\"><img loading=\"lazy\" decoding=\"async\" width=\"1024\" height=\"768\" src=\"https:\/\/feuerwehr-rechterfeld.de\/wp-content\/uploads\/2024\/04\/Andreas_Bild6-1024x768.png\" alt=\"\" class=\"wp-image-294\" srcset=\"https:\/\/feuerwehr-rechterfeld.de\/wp-content\/uploads\/2024\/04\/Andreas_Bild6-1024x768.png 1024w, https:\/\/feuerwehr-rechterfeld.de\/wp-content\/uploads\/2024\/04\/Andreas_Bild6-300x225.png 300w, https:\/\/feuerwehr-rechterfeld.de\/wp-content\/uploads\/2024\/04\/Andreas_Bild6-768x576.png 768w, https:\/\/feuerwehr-rechterfeld.de\/wp-content\/uploads\/2024\/04\/Andreas_Bild6-1140x855.png 1140w, https:\/\/feuerwehr-rechterfeld.de\/wp-content\/uploads\/2024\/04\/Andreas_Bild6.png 1490w\" sizes=\"auto, (max-width: 1024px) 100vw, 1024px\" \/><figcaption class=\"wp-element-caption\">Der neue K\u00f6nig Andreas &#8222;Johnny&#8220; Debbeler lie\u00df es sich nat\u00fcrlich auch nicht nehmen vorbeizuschauen und wurde von den Frauen herzlich begr\u00fc\u00dft. <\/figcaption><\/figure>\n\n\n\n<figure class=\"wp-block-image size-large\"><img loading=\"lazy\" decoding=\"async\" width=\"1024\" height=\"768\" src=\"https:\/\/feuerwehr-rechterfeld.de\/wp-content\/uploads\/2024\/04\/Wasser_Bild3-1024x768.png\" alt=\"\" class=\"wp-image-296\" srcset=\"https:\/\/feuerwehr-rechterfeld.de\/wp-content\/uploads\/2024\/04\/Wasser_Bild3-1024x768.png 1024w, https:\/\/feuerwehr-rechterfeld.de\/wp-content\/uploads\/2024\/04\/Wasser_Bild3-300x225.png 300w, https:\/\/feuerwehr-rechterfeld.de\/wp-content\/uploads\/2024\/04\/Wasser_Bild3-768x576.png 768w, https:\/\/feuerwehr-rechterfeld.de\/wp-content\/uploads\/2024\/04\/Wasser_Bild3-1140x855.png 1140w, https:\/\/feuerwehr-rechterfeld.de\/wp-content\/uploads\/2024\/04\/Wasser_Bild3.png 1490w\" sizes=\"auto, (max-width: 1024px) 100vw, 1024px\" \/><\/figure>\n\n\n\n<figure class=\"wp-block-image size-large\"><img loading=\"lazy\" decoding=\"async\" width=\"1024\" height=\"768\" src=\"https:\/\/feuerwehr-rechterfeld.de\/wp-content\/uploads\/2024\/04\/Tschuess_Bild2-1024x768.png\" alt=\"\" class=\"wp-image-297\" srcset=\"https:\/\/feuerwehr-rechterfeld.de\/wp-content\/uploads\/2024\/04\/Tschuess_Bild2-1024x768.png 1024w, https:\/\/feuerwehr-rechterfeld.de\/wp-content\/uploads\/2024\/04\/Tschuess_Bild2-300x225.png 300w, https:\/\/feuerwehr-rechterfeld.de\/wp-content\/uploads\/2024\/04\/Tschuess_Bild2-768x576.png 768w, https:\/\/feuerwehr-rechterfeld.de\/wp-content\/uploads\/2024\/04\/Tschuess_Bild2-1140x855.png 1140w, https:\/\/feuerwehr-rechterfeld.de\/wp-content\/uploads\/2024\/04\/Tschuess_Bild2.png 1490w\" sizes=\"auto, (max-width: 1024px) 100vw, 1024px\" \/><figcaption class=\"wp-element-caption\">Ortsbrandmeister J\u00f6rg Reinke bedankte sich bei Julian und Christina f\u00fcr die Gastfreundschaft. <\/figcaption><\/figure>\n\n\n\n<p>Zum Abschluss ging es dann f\u00fcr alle zur\u00fcck ins Feuerwehrfest, wo es noch einiges zum Aufr\u00e4umen und nat\u00fcrlich die Reste vom Kohlessen gab. <\/p>\n","protected":false},"excerpt":{"rendered":"<p>Am Tag nach unserem Kohlessen findet unser &#8222;Blinder Alarm&#8220; statt. Das bedeutet, dass sich die Feuerwehrkameraden und -kameradinnen um 10.00 Uhr im Feuerwehrhaus treffen und zum Vorjahresk\u00f6nig fahren. Dort wird ein kleines Feuer obligatorisch gel\u00f6scht und anschlie\u00dfend das Fr\u00fchshoppen gestartet. 2024 ist bekanntlich ein Schaltjahr. Und im Schaltjahr gibt es ganz verr\u00fcckte Sachen. So haben [&hellip;]<\/p>\n","protected":false},"author":1,"featured_media":298,"comment_status":"open","ping_status":"open","sticky":false,"template":"","format":"standard","meta":{"footnotes":""},"categories":[33],"tags":[39,40],"class_list":["post-289","post","type-post","status-publish","format-standard","has-post-thumbnail","hentry","category-aktuelles","tag-blinder-alarm","tag-schaltjahr"],"_links":{"self":[{"href":"https:\/\/feuerwehr-rechterfeld.de\/index.php?rest_route=\/wp\/v2\/posts\/289","targetHints":{"allow":["GET"]}}],"collection":[{"href":"https:\/\/feuerwehr-rechterfeld.de\/index.php?rest_route=\/wp\/v2\/posts"}],"about":[{"href":"https:\/\/feuerwehr-rechterfeld.de\/index.php?rest_route=\/wp\/v2\/types\/post"}],"author":[{"embeddable":true,"href":"https:\/\/feuerwehr-rechterfeld.de\/index.php?rest_route=\/wp\/v2\/users\/1"}],"replies":[{"embeddable":true,"href":"https:\/\/feuerwehr-rechterfeld.de\/index.php?rest_route=%2Fwp%2Fv2%2Fcomments&post=289"}],"version-history":[{"count":2,"href":"https:\/\/feuerwehr-rechterfeld.de\/index.php?rest_route=\/wp\/v2\/posts\/289\/revisions"}],"predecessor-version":[{"id":299,"href":"https:\/\/feuerwehr-rechterfeld.de\/index.php?rest_route=\/wp\/v2\/posts\/289\/revisions\/299"}],"wp:featuredmedia":[{"embeddable":true,"href":"https:\/\/feuerwehr-rechterfeld.de\/index.php?rest_route=\/wp\/v2\/media\/298"}],"wp:attachment":[{"href":"https:\/\/feuerwehr-rechterfeld.de\/index.php?rest_route=%2Fwp%2Fv2%2Fmedia&parent=289"}],"wp:term":[{"taxonomy":"category","embeddable":true,"href":"https:\/\/feuerwehr-rechterfeld.de\/index.php?rest_route=%2Fwp%2Fv2%2Fcategories&post=289"},{"taxonomy":"post_tag","embeddable":true,"href":"https:\/\/feuerwehr-rechterfeld.de\/index.php?rest_route=%2Fwp%2Fv2%2Ftags&post=289"}],"curies":[{"name":"wp","href":"https:\/\/api.w.org\/{rel}","templated":true}]}}