{"id":343,"date":"2024-11-01T10:24:51","date_gmt":"2024-11-01T10:24:51","guid":{"rendered":"https:\/\/feuerwehr-rechterfeld.de\/?p=343"},"modified":"2024-11-01T10:24:51","modified_gmt":"2024-11-01T10:24:51","slug":"umzug-ins-neue-feuerwehrhaus","status":"publish","type":"post","link":"https:\/\/feuerwehr-rechterfeld.de\/?p=343","title":{"rendered":"Umzug ins neue Feuerwehrhaus"},"content":{"rendered":"\n<p><em>\u201eHier 12-03-1, ich melde das Feuerwehrhaus Standort Dorfstra\u00dfe Florianweg ab\u201c.<br><\/em>Mit diesen Worten l\u00e4utete Ortsbrandmeister J\u00f6rg Reinke den Umzug ins neue Feuerwehrhaus ein.<\/p>\n\n\n\n<p>Am Mittwoch, 30.10.2024, trafen wir uns um 17.30 Uhr beim alten Feuerwehrhaus \u201eFlorianweg 1\u201c. Schnell in die Einsatzklamotten geschmissen ging es um 18.00 Uhr los.<\/p>\n\n\n\n<p>In Begleitung des Musikvereins ging es an der neuen Nachbarschaft und am Friedhof lang, um dann unser neues Domizil zu beziehen. Besonders sch\u00f6n waren die vielen Zuschauer, die uns von dem B\u00fcrgersteig aus winkten \u2013 <strong>wow<\/strong>! Wir waren total \u00fcberrascht, wie viele sich auf den Weg machten. Wir danken euch!!&nbsp;<\/p>\n\n\n\n<p>Begleitet wurde der Umzug auch durch mehrere Kameras und Drohnen, die diesen historischen Augenblick festgehalten haben. Vielen Dank an dieser Stelle an die Kameraden aus Visbek und Goldenstedt und an Chiara Podszus f\u00fcr eure Unterst\u00fctzung!<\/p>\n\n\n\n<p>Angekommen am neuen Standort \u201eAm Friedhof 12\u201c \u2013 Funfact: Unser Funkrufname ist ebenfalls die 12 \u2013 begr\u00fc\u00dfte Ortsbrandmeister J\u00f6rg Reinke alle. Man konnte seiner Ansprache anmerken, wie viel Anspannung von ihm abfiel \u2013 endlich hatte er es mit seinem Team, seinen Kameraden geschafft. Wir k\u00f6nnen uns vom neuen Feuerwehrhaus aus einsatzbereit melden. Dieser Funkspruch an die Leistelle bleibt uns allen in Erinnerung.&nbsp;<\/p>\n\n\n\n<p>In seiner Ansprache, zu der sich die Kameradinnen und Kameraden, sowie alle Jugendfeuerwehrkameradinnen und -kameraden vor den Toren aufstellten, verk\u00fcndete Ortsbrandmeister J\u00f6rg Reinke ebenfalls, dass per 30.10.2024 die Jugendfeuerwehr Rechterfeld gegr\u00fcndet wurde. Stolze 13 Gr\u00fcndungsmitglieder und 8 Betreuer z\u00e4hlt die Jugendfeuerwehr am Gr\u00fcndungsdatum. Bislang gab es eine Gemeindejugendfeuerwehr f\u00fcr die Jugendlichen aus Visbek und Rechterfeld, allerdings ist die Mitgliederzahl sehr angestiegen in den letzten Jahren, sodass die Trennung notwendig war. Der Nachwuchs aus der Jugendfeuerwehr ist f\u00fcr jede aktive Feuerwehr elementar wichtig.<\/p>\n\n\n\n<p>Wir freuen uns sehr \u00fcber unsere Retter von Morgen!<\/p>\n\n\n\n<p>Eine offizielle Einweihung wird es am 07. Dezember geben.<\/p>\n\n\n\n<p>Nat\u00fcrlich m\u00f6chten wir unser Feuerwehrhaus auch allen zeigen. Unsere T\u00fcren \u00f6ffnen wir n\u00e4chstes Fr\u00fchjahr bei hoffentlich sch\u00f6nerem Wetter. Den genauen Termin f\u00fcr einen Tag der offenen T\u00fcr geben wir rechtzeitig in den sozialen Medien und in den Zeitungen bekannt. <\/p>\n\n\n\n<figure class=\"wp-block-image size-large\"><img loading=\"lazy\" decoding=\"async\" width=\"1024\" height=\"683\" src=\"https:\/\/feuerwehr-rechterfeld.de\/wp-content\/uploads\/2024\/11\/WhatsApp-Image-2024-10-30-at-19.12.39-1024x683.jpeg\" alt=\"\" class=\"wp-image-344\" srcset=\"https:\/\/feuerwehr-rechterfeld.de\/wp-content\/uploads\/2024\/11\/WhatsApp-Image-2024-10-30-at-19.12.39-1024x683.jpeg 1024w, https:\/\/feuerwehr-rechterfeld.de\/wp-content\/uploads\/2024\/11\/WhatsApp-Image-2024-10-30-at-19.12.39-300x200.jpeg 300w, https:\/\/feuerwehr-rechterfeld.de\/wp-content\/uploads\/2024\/11\/WhatsApp-Image-2024-10-30-at-19.12.39-768x512.jpeg 768w, https:\/\/feuerwehr-rechterfeld.de\/wp-content\/uploads\/2024\/11\/WhatsApp-Image-2024-10-30-at-19.12.39-1536x1024.jpeg 1536w, https:\/\/feuerwehr-rechterfeld.de\/wp-content\/uploads\/2024\/11\/WhatsApp-Image-2024-10-30-at-19.12.39.jpeg 1920w\" sizes=\"auto, (max-width: 1024px) 100vw, 1024px\" \/><\/figure>\n\n\n\n<figure class=\"wp-block-image size-large is-resized\"><img loading=\"lazy\" decoding=\"async\" width=\"576\" height=\"1024\" src=\"https:\/\/feuerwehr-rechterfeld.de\/wp-content\/uploads\/2024\/11\/DSC04019-576x1024.jpg\" alt=\"\" class=\"wp-image-345\" style=\"width:461px;height:auto\" srcset=\"https:\/\/feuerwehr-rechterfeld.de\/wp-content\/uploads\/2024\/11\/DSC04019-576x1024.jpg 576w, https:\/\/feuerwehr-rechterfeld.de\/wp-content\/uploads\/2024\/11\/DSC04019-169x300.jpg 169w, https:\/\/feuerwehr-rechterfeld.de\/wp-content\/uploads\/2024\/11\/DSC04019-768x1365.jpg 768w, https:\/\/feuerwehr-rechterfeld.de\/wp-content\/uploads\/2024\/11\/DSC04019-864x1536.jpg 864w, https:\/\/feuerwehr-rechterfeld.de\/wp-content\/uploads\/2024\/11\/DSC04019-1152x2048.jpg 1152w, https:\/\/feuerwehr-rechterfeld.de\/wp-content\/uploads\/2024\/11\/DSC04019-1024x1820.jpg 1024w, https:\/\/feuerwehr-rechterfeld.de\/wp-content\/uploads\/2024\/11\/DSC04019-scaled.jpg 1440w\" sizes=\"auto, (max-width: 576px) 100vw, 576px\" \/><\/figure>\n\n\n\n<figure class=\"wp-block-image size-large\"><img loading=\"lazy\" decoding=\"async\" width=\"576\" height=\"1024\" src=\"https:\/\/feuerwehr-rechterfeld.de\/wp-content\/uploads\/2024\/11\/DSC04104-576x1024.jpg\" alt=\"\" class=\"wp-image-346\" srcset=\"https:\/\/feuerwehr-rechterfeld.de\/wp-content\/uploads\/2024\/11\/DSC04104-576x1024.jpg 576w, https:\/\/feuerwehr-rechterfeld.de\/wp-content\/uploads\/2024\/11\/DSC04104-169x300.jpg 169w, https:\/\/feuerwehr-rechterfeld.de\/wp-content\/uploads\/2024\/11\/DSC04104-768x1365.jpg 768w, https:\/\/feuerwehr-rechterfeld.de\/wp-content\/uploads\/2024\/11\/DSC04104-864x1536.jpg 864w, https:\/\/feuerwehr-rechterfeld.de\/wp-content\/uploads\/2024\/11\/DSC04104-1152x2048.jpg 1152w, https:\/\/feuerwehr-rechterfeld.de\/wp-content\/uploads\/2024\/11\/DSC04104-1024x1820.jpg 1024w, https:\/\/feuerwehr-rechterfeld.de\/wp-content\/uploads\/2024\/11\/DSC04104-scaled.jpg 1440w\" sizes=\"auto, (max-width: 576px) 100vw, 576px\" \/><\/figure>\n","protected":false},"excerpt":{"rendered":"<p>\u201eHier 12-03-1, ich melde das Feuerwehrhaus Standort Dorfstra\u00dfe Florianweg ab\u201c.Mit diesen Worten l\u00e4utete Ortsbrandmeister J\u00f6rg Reinke den Umzug ins neue Feuerwehrhaus ein. Am Mittwoch, 30.10.2024, trafen wir uns um 17.30 Uhr beim alten Feuerwehrhaus \u201eFlorianweg 1\u201c. Schnell in die Einsatzklamotten geschmissen ging es um 18.00 Uhr los. In Begleitung des Musikvereins ging es an der [&hellip;]<\/p>\n","protected":false},"author":1,"featured_media":345,"comment_status":"open","ping_status":"open","sticky":false,"template":"","format":"standard","meta":{"footnotes":""},"categories":[33,29],"tags":[42,36],"class_list":["post-343","post","type-post","status-publish","format-standard","has-post-thumbnail","hentry","category-aktuelles","category-feuerwehrhausneubau","tag-aktuelles","tag-feuerwehrhausneubau"],"_links":{"self":[{"href":"https:\/\/feuerwehr-rechterfeld.de\/index.php?rest_route=\/wp\/v2\/posts\/343","targetHints":{"allow":["GET"]}}],"collection":[{"href":"https:\/\/feuerwehr-rechterfeld.de\/index.php?rest_route=\/wp\/v2\/posts"}],"about":[{"href":"https:\/\/feuerwehr-rechterfeld.de\/index.php?rest_route=\/wp\/v2\/types\/post"}],"author":[{"embeddable":true,"href":"https:\/\/feuerwehr-rechterfeld.de\/index.php?rest_route=\/wp\/v2\/users\/1"}],"replies":[{"embeddable":true,"href":"https:\/\/feuerwehr-rechterfeld.de\/index.php?rest_route=%2Fwp%2Fv2%2Fcomments&post=343"}],"version-history":[{"count":1,"href":"https:\/\/feuerwehr-rechterfeld.de\/index.php?rest_route=\/wp\/v2\/posts\/343\/revisions"}],"predecessor-version":[{"id":347,"href":"https:\/\/feuerwehr-rechterfeld.de\/index.php?rest_route=\/wp\/v2\/posts\/343\/revisions\/347"}],"wp:featuredmedia":[{"embeddable":true,"href":"https:\/\/feuerwehr-rechterfeld.de\/index.php?rest_route=\/wp\/v2\/media\/345"}],"wp:attachment":[{"href":"https:\/\/feuerwehr-rechterfeld.de\/index.php?rest_route=%2Fwp%2Fv2%2Fmedia&parent=343"}],"wp:term":[{"taxonomy":"category","embeddable":true,"href":"https:\/\/feuerwehr-rechterfeld.de\/index.php?rest_route=%2Fwp%2Fv2%2Fcategories&post=343"},{"taxonomy":"post_tag","embeddable":true,"href":"https:\/\/feuerwehr-rechterfeld.de\/index.php?rest_route=%2Fwp%2Fv2%2Ftags&post=343"}],"curies":[{"name":"wp","href":"https:\/\/api.w.org\/{rel}","templated":true}]}}