{"id":379,"date":"2024-12-06T08:00:00","date_gmt":"2024-12-06T08:00:00","guid":{"rendered":"https:\/\/feuerwehr-rechterfeld.de\/?p=379"},"modified":"2024-11-28T20:29:16","modified_gmt":"2024-11-28T20:29:16","slug":"06-12-2024-gruppenfuehrer-julian-gruessing","status":"publish","type":"post","link":"https:\/\/feuerwehr-rechterfeld.de\/?p=379","title":{"rendered":"06.12.2024 &#8211; Gruppenf\u00fchrer Julian Gr\u00fc\u00dfing"},"content":{"rendered":"\n<p>Einen sch\u00f6nen Nikolaustag w\u00fcnschen wir euch!<\/p>\n\n\n\n<p>2022 hat Julian unseren Nikolaus gespielt (das Reel dazu k\u00f6nnt ihr auf Instagram sehen). Nun wollen wir unseren Nikolaus mal vorstellen: Er ist unser \u201edienst\u00e4ltester\u201c gew\u00e4hlter Gruppenf\u00fchrer #zehnj\u00e4hrigesin2024. Seitdem er denken kann ist die Feuerwehr schon immer ein fester Bestandteil bei ihm gewesen. Sein Vater ist Feuerwehrmann und so bekam er schon fr\u00fch Einblicke. Au\u00dferdem war er mit einem Freund zusammen die ersten Rechterfelder Kinder in der JF Visbek im Jahr 2000. #fastforward Im Jahr 2014 hat er sich dann erstmals zum Gruppenf\u00fchrer aufstellen lassen, weil er gerne sein Wissen an die Kameraden\/-innen weitergibt. Das unterstreicht auch sein Engagement als Kreisausbilder f\u00fcr die Ausbildung von Atemschutzger\u00e4tetr\u00e4gern.<\/p>\n\n\n\n<p>Wenn er grade mal nicht bei der Feuerwehr ist, dann engagiert er sich \u201enebenbei\u201c noch im Rettungsdienst, verbringt aber auch gerne Zeit mit Freunden und seiner Familie.<\/p>\n\n\n\n<p>#kingjulien #unseregruppenf\u00fchrerlassensichwaseinfallen #kreisausbildung #feuerwehrfamilie #jederkannFeuerwehrmannwerden #jedekannFeuerwehrfrauwerden<\/p>\n\n\n\n<figure class=\"wp-block-image size-large is-style-rounded\"><img loading=\"lazy\" decoding=\"async\" width=\"1024\" height=\"683\" src=\"https:\/\/feuerwehr-rechterfeld.de\/wp-content\/uploads\/2024\/11\/Julian_WZ-1024x683.png\" alt=\"\" class=\"wp-image-381\" srcset=\"https:\/\/feuerwehr-rechterfeld.de\/wp-content\/uploads\/2024\/11\/Julian_WZ-1024x683.png 1024w, https:\/\/feuerwehr-rechterfeld.de\/wp-content\/uploads\/2024\/11\/Julian_WZ-300x200.png 300w, https:\/\/feuerwehr-rechterfeld.de\/wp-content\/uploads\/2024\/11\/Julian_WZ-768x512.png 768w, https:\/\/feuerwehr-rechterfeld.de\/wp-content\/uploads\/2024\/11\/Julian_WZ-1536x1025.png 1536w, https:\/\/feuerwehr-rechterfeld.de\/wp-content\/uploads\/2024\/11\/Julian_WZ.png 1580w\" sizes=\"auto, (max-width: 1024px) 100vw, 1024px\" \/><\/figure>\n","protected":false},"excerpt":{"rendered":"<p>Einen sch\u00f6nen Nikolaustag w\u00fcnschen wir euch! 2022 hat Julian unseren Nikolaus gespielt (das Reel dazu k\u00f6nnt ihr auf Instagram sehen). Nun wollen wir unseren Nikolaus mal vorstellen: Er ist unser \u201edienst\u00e4ltester\u201c gew\u00e4hlter Gruppenf\u00fchrer #zehnj\u00e4hrigesin2024. Seitdem er denken kann ist die Feuerwehr schon immer ein fester Bestandteil bei ihm gewesen. Sein Vater ist Feuerwehrmann und so [&hellip;]<\/p>\n","protected":false},"author":1,"featured_media":380,"comment_status":"open","ping_status":"open","sticky":false,"template":"","format":"standard","meta":{"footnotes":""},"categories":[17],"tags":[49],"class_list":["post-379","post","type-post","status-publish","format-standard","has-post-thumbnail","hentry","category-ff-rechterfeld","tag-adventskalender"],"_links":{"self":[{"href":"https:\/\/feuerwehr-rechterfeld.de\/index.php?rest_route=\/wp\/v2\/posts\/379","targetHints":{"allow":["GET"]}}],"collection":[{"href":"https:\/\/feuerwehr-rechterfeld.de\/index.php?rest_route=\/wp\/v2\/posts"}],"about":[{"href":"https:\/\/feuerwehr-rechterfeld.de\/index.php?rest_route=\/wp\/v2\/types\/post"}],"author":[{"embeddable":true,"href":"https:\/\/feuerwehr-rechterfeld.de\/index.php?rest_route=\/wp\/v2\/users\/1"}],"replies":[{"embeddable":true,"href":"https:\/\/feuerwehr-rechterfeld.de\/index.php?rest_route=%2Fwp%2Fv2%2Fcomments&post=379"}],"version-history":[{"count":2,"href":"https:\/\/feuerwehr-rechterfeld.de\/index.php?rest_route=\/wp\/v2\/posts\/379\/revisions"}],"predecessor-version":[{"id":460,"href":"https:\/\/feuerwehr-rechterfeld.de\/index.php?rest_route=\/wp\/v2\/posts\/379\/revisions\/460"}],"wp:featuredmedia":[{"embeddable":true,"href":"https:\/\/feuerwehr-rechterfeld.de\/index.php?rest_route=\/wp\/v2\/media\/380"}],"wp:attachment":[{"href":"https:\/\/feuerwehr-rechterfeld.de\/index.php?rest_route=%2Fwp%2Fv2%2Fmedia&parent=379"}],"wp:term":[{"taxonomy":"category","embeddable":true,"href":"https:\/\/feuerwehr-rechterfeld.de\/index.php?rest_route=%2Fwp%2Fv2%2Fcategories&post=379"},{"taxonomy":"post_tag","embeddable":true,"href":"https:\/\/feuerwehr-rechterfeld.de\/index.php?rest_route=%2Fwp%2Fv2%2Ftags&post=379"}],"curies":[{"name":"wp","href":"https:\/\/api.w.org\/{rel}","templated":true}]}}