{"id":398,"date":"2024-12-11T08:00:00","date_gmt":"2024-12-11T08:00:00","guid":{"rendered":"https:\/\/feuerwehr-rechterfeld.de\/?p=398"},"modified":"2024-11-28T19:52:36","modified_gmt":"2024-11-28T19:52:36","slug":"11-12-2024-gruppenfuehrer-stephan-michelbrand","status":"publish","type":"post","link":"https:\/\/feuerwehr-rechterfeld.de\/?p=398","title":{"rendered":"11.12.2024 &#8211; Gruppenf\u00fchrer Stephan Michelbrand"},"content":{"rendered":"\n<p>We proudly present: Stephan Michelbrand \u2013 besser bekannt als Michel, oder Stichel-Michel. Nachdem er bereits monatelang von Gr\u00fc\u00dfing bequatscht wurde, endlich zur Feuerwehr zu kommen, kaufte er sich im Januar 2014 als Begleitung von Henrik Reinke ins Kohlessen ein. Da war es dann um ihn geschehen und seitdem verbringt er seine Dienstagabende bei der Feuerwehr. Ein Einsatz bei eben jenem Kameraden, Henrik Reinke, bleibt Michel und wohl den meisten Kameraden und Kameradinnen f\u00fcr immer im Ged\u00e4chtnis. \u201eDass da alle zusammengehalten haben und Mitarbeiter der Firma Kr\u00f6ger r\u00fcbergelaufen kamen und geholfen haben, genauso wie die Leute vom Dorf, das war schon besonders. Die erste Schlauchleitung habe ich damals mit meinem Vater gerollt, der zu dieser Zeit nicht mehr aktives Mitglied der Feuerwehr war\u201c, erinnert er sich.<\/p>\n\n\n\n<p>Ruckzuck wurde er zum Gruppenf\u00fchrer gew\u00e4hlt. Aber wieso macht man das? Michel sagt: \u201eIch habe Spa\u00df daran meine Kameraden auszubilden und wollte was bewegen, ver\u00e4ndern und entscheiden\u201c.<\/p>\n\n\n\n<p>Nachdem er einen kurzen Ausflug zur Nachbarwehr D\u00fcngstrup gemacht hat, ist ihm doch aufgefallen, wie viel sch\u00f6ner Rechterfeld ist und er ist zur\u00fcckgekehrt. Sein Herz ist aber in D\u00fcngstrup, n\u00e4mlich bei seiner Freundin Leonie und ihrer gemeinsamen wilden Hummel, \u00e4h, H\u00fcndin, \u201eEmmi\u201c. Sein n\u00e4chster gro\u00dfer Traum w\u00e4re dann der Start seines Hausbaus. Und wer wei\u00df? Vielleicht klaut Michel der Nachbarwehr seine Leonie ja auch durch Liebesbekundungen?<\/p>\n\n\n\n<p>#Dorfleben #JederkannFeuerwehrmannwerden #StichelMichel #BauherrToBe #Achwiesch\u00f6nistRechterfeld #jederkannFeuerwehrmann werden #jedekannFeuerwehrfrauwerden<\/p>\n\n\n\n<figure class=\"wp-block-image size-large is-style-rounded\"><img loading=\"lazy\" decoding=\"async\" width=\"1024\" height=\"683\" src=\"https:\/\/feuerwehr-rechterfeld.de\/wp-content\/uploads\/2024\/11\/Michel_WZ-1024x683.png\" alt=\"\" class=\"wp-image-400\" srcset=\"https:\/\/feuerwehr-rechterfeld.de\/wp-content\/uploads\/2024\/11\/Michel_WZ-1024x683.png 1024w, https:\/\/feuerwehr-rechterfeld.de\/wp-content\/uploads\/2024\/11\/Michel_WZ-300x200.png 300w, https:\/\/feuerwehr-rechterfeld.de\/wp-content\/uploads\/2024\/11\/Michel_WZ-768x512.png 768w, https:\/\/feuerwehr-rechterfeld.de\/wp-content\/uploads\/2024\/11\/Michel_WZ-1536x1025.png 1536w, https:\/\/feuerwehr-rechterfeld.de\/wp-content\/uploads\/2024\/11\/Michel_WZ.png 1580w\" sizes=\"auto, (max-width: 1024px) 100vw, 1024px\" \/><\/figure>\n","protected":false},"excerpt":{"rendered":"<p>We proudly present: Stephan Michelbrand \u2013 besser bekannt als Michel, oder Stichel-Michel. Nachdem er bereits monatelang von Gr\u00fc\u00dfing bequatscht wurde, endlich zur Feuerwehr zu kommen, kaufte er sich im Januar 2014 als Begleitung von Henrik Reinke ins Kohlessen ein. Da war es dann um ihn geschehen und seitdem verbringt er seine Dienstagabende bei der Feuerwehr. [&hellip;]<\/p>\n","protected":false},"author":1,"featured_media":399,"comment_status":"open","ping_status":"open","sticky":false,"template":"","format":"standard","meta":{"footnotes":""},"categories":[17],"tags":[49],"class_list":["post-398","post","type-post","status-publish","format-standard","has-post-thumbnail","hentry","category-ff-rechterfeld","tag-adventskalender"],"_links":{"self":[{"href":"https:\/\/feuerwehr-rechterfeld.de\/index.php?rest_route=\/wp\/v2\/posts\/398","targetHints":{"allow":["GET"]}}],"collection":[{"href":"https:\/\/feuerwehr-rechterfeld.de\/index.php?rest_route=\/wp\/v2\/posts"}],"about":[{"href":"https:\/\/feuerwehr-rechterfeld.de\/index.php?rest_route=\/wp\/v2\/types\/post"}],"author":[{"embeddable":true,"href":"https:\/\/feuerwehr-rechterfeld.de\/index.php?rest_route=\/wp\/v2\/users\/1"}],"replies":[{"embeddable":true,"href":"https:\/\/feuerwehr-rechterfeld.de\/index.php?rest_route=%2Fwp%2Fv2%2Fcomments&post=398"}],"version-history":[{"count":1,"href":"https:\/\/feuerwehr-rechterfeld.de\/index.php?rest_route=\/wp\/v2\/posts\/398\/revisions"}],"predecessor-version":[{"id":401,"href":"https:\/\/feuerwehr-rechterfeld.de\/index.php?rest_route=\/wp\/v2\/posts\/398\/revisions\/401"}],"wp:featuredmedia":[{"embeddable":true,"href":"https:\/\/feuerwehr-rechterfeld.de\/index.php?rest_route=\/wp\/v2\/media\/399"}],"wp:attachment":[{"href":"https:\/\/feuerwehr-rechterfeld.de\/index.php?rest_route=%2Fwp%2Fv2%2Fmedia&parent=398"}],"wp:term":[{"taxonomy":"category","embeddable":true,"href":"https:\/\/feuerwehr-rechterfeld.de\/index.php?rest_route=%2Fwp%2Fv2%2Fcategories&post=398"},{"taxonomy":"post_tag","embeddable":true,"href":"https:\/\/feuerwehr-rechterfeld.de\/index.php?rest_route=%2Fwp%2Fv2%2Ftags&post=398"}],"curies":[{"name":"wp","href":"https:\/\/api.w.org\/{rel}","templated":true}]}}