{"id":432,"date":"2024-12-19T08:00:00","date_gmt":"2024-12-19T08:00:00","guid":{"rendered":"https:\/\/feuerwehr-rechterfeld.de\/?p=432"},"modified":"2024-11-28T20:08:03","modified_gmt":"2024-11-28T20:08:03","slug":"19-12-2024-stv-gemeindebrandmeister-arnold-frilling","status":"publish","type":"post","link":"https:\/\/feuerwehr-rechterfeld.de\/?p=432","title":{"rendered":"19.12.2024 &#8211; stv. Gemeindebrandmeister Arnold Frilling"},"content":{"rendered":"\n<p>Das Oberhaupt einer kleinen Feuerwehrfamilie (Sohn + Tochter sind ebenfalls in der FF), aber auch irgendwie mit-Oberhaupt der Feuerwehr Rechterfeld. Er bildet mit Gemeindebrandmeister Stefan Hitz die F\u00fchrung der beiden Feuerwehren Visbek und Rechterfeld, eben auf Gemeinde-Ebene.<\/p>\n\n\n\n<p>Das Interesse und Engagement \u2013 gerade auch von jungen Kameraden \u2013 motiviert ihn in seinem Amt zu bleiben. Au\u00dferdem findet er die Gemeinschaft und das Zusammenwirken von Alt und Jung gut.<\/p>\n\n\n\n<p>Arnold ist schon \u00fcber 40 Jahre dabei. Ein Einsatz ist ihm allerdings besonders im Ged\u00e4chtnis geblieben: der Unfalltod eines Jugendlichen, den er gut kannte. Den Blick ins Gesicht der Eltern des Jungen wird er wohl nie vergessen. Um solche Eins\u00e4tze zu verarbeiten, redet er mit guten Kameraden und auch Zuhause erf\u00e4hrt er durch seine Familie gro\u00dfen R\u00fcckhalt.<\/p>\n\n\n\n<p>Sein aktuell gr\u00f6\u00dfter Traum w\u00e4re nochmal ein Urlaub auf den Malediven #wertr\u00e4umtnichtdavon<\/p>\n\n\n\n<p>Zum Schluss hat Arnold mir noch ein kleines Geheimnis \u00fcber sich verraten: Er hat immer recht viel Lampenfieber.<\/p>\n\n\n\n<p>#trotzLampenfieberimmermitBravour<\/p>\n\n\n\n<p>#jederkannFeuerwehrmannwerden #jedekannFeuerwehrfrauwerden<\/p>\n\n\n\n<figure class=\"wp-block-image size-large is-style-rounded\"><img loading=\"lazy\" decoding=\"async\" width=\"1024\" height=\"683\" src=\"https:\/\/feuerwehr-rechterfeld.de\/wp-content\/uploads\/2024\/11\/Arnold_WZ-1024x683.png\" alt=\"\" class=\"wp-image-434\" srcset=\"https:\/\/feuerwehr-rechterfeld.de\/wp-content\/uploads\/2024\/11\/Arnold_WZ-1024x683.png 1024w, https:\/\/feuerwehr-rechterfeld.de\/wp-content\/uploads\/2024\/11\/Arnold_WZ-300x200.png 300w, https:\/\/feuerwehr-rechterfeld.de\/wp-content\/uploads\/2024\/11\/Arnold_WZ-768x512.png 768w, https:\/\/feuerwehr-rechterfeld.de\/wp-content\/uploads\/2024\/11\/Arnold_WZ-1536x1025.png 1536w, https:\/\/feuerwehr-rechterfeld.de\/wp-content\/uploads\/2024\/11\/Arnold_WZ.png 1580w\" sizes=\"auto, (max-width: 1024px) 100vw, 1024px\" \/><\/figure>\n","protected":false},"excerpt":{"rendered":"<p>Das Oberhaupt einer kleinen Feuerwehrfamilie (Sohn + Tochter sind ebenfalls in der FF), aber auch irgendwie mit-Oberhaupt der Feuerwehr Rechterfeld. Er bildet mit Gemeindebrandmeister Stefan Hitz die F\u00fchrung der beiden Feuerwehren Visbek und Rechterfeld, eben auf Gemeinde-Ebene. Das Interesse und Engagement \u2013 gerade auch von jungen Kameraden \u2013 motiviert ihn in seinem Amt zu bleiben. [&hellip;]<\/p>\n","protected":false},"author":1,"featured_media":433,"comment_status":"open","ping_status":"open","sticky":false,"template":"","format":"standard","meta":{"footnotes":""},"categories":[17],"tags":[49],"class_list":["post-432","post","type-post","status-publish","format-standard","has-post-thumbnail","hentry","category-ff-rechterfeld","tag-adventskalender"],"_links":{"self":[{"href":"https:\/\/feuerwehr-rechterfeld.de\/index.php?rest_route=\/wp\/v2\/posts\/432","targetHints":{"allow":["GET"]}}],"collection":[{"href":"https:\/\/feuerwehr-rechterfeld.de\/index.php?rest_route=\/wp\/v2\/posts"}],"about":[{"href":"https:\/\/feuerwehr-rechterfeld.de\/index.php?rest_route=\/wp\/v2\/types\/post"}],"author":[{"embeddable":true,"href":"https:\/\/feuerwehr-rechterfeld.de\/index.php?rest_route=\/wp\/v2\/users\/1"}],"replies":[{"embeddable":true,"href":"https:\/\/feuerwehr-rechterfeld.de\/index.php?rest_route=%2Fwp%2Fv2%2Fcomments&post=432"}],"version-history":[{"count":1,"href":"https:\/\/feuerwehr-rechterfeld.de\/index.php?rest_route=\/wp\/v2\/posts\/432\/revisions"}],"predecessor-version":[{"id":435,"href":"https:\/\/feuerwehr-rechterfeld.de\/index.php?rest_route=\/wp\/v2\/posts\/432\/revisions\/435"}],"wp:featuredmedia":[{"embeddable":true,"href":"https:\/\/feuerwehr-rechterfeld.de\/index.php?rest_route=\/wp\/v2\/media\/433"}],"wp:attachment":[{"href":"https:\/\/feuerwehr-rechterfeld.de\/index.php?rest_route=%2Fwp%2Fv2%2Fmedia&parent=432"}],"wp:term":[{"taxonomy":"category","embeddable":true,"href":"https:\/\/feuerwehr-rechterfeld.de\/index.php?rest_route=%2Fwp%2Fv2%2Fcategories&post=432"},{"taxonomy":"post_tag","embeddable":true,"href":"https:\/\/feuerwehr-rechterfeld.de\/index.php?rest_route=%2Fwp%2Fv2%2Ftags&post=432"}],"curies":[{"name":"wp","href":"https:\/\/api.w.org\/{rel}","templated":true}]}}